{"id":37,"date":"2022-08-25T14:06:44","date_gmt":"2022-08-25T12:06:44","guid":{"rendered":"https:\/\/www.naumburg-steuerberater.de\/blog\/?p=37"},"modified":"2025-08-19T10:05:42","modified_gmt":"2025-08-19T08:05:42","slug":"bundesregierung-beschliesst-milliarden-bonus-fuer-pflegekraefte","status":"publish","type":"post","link":"https:\/\/www.naumburg-steuerberater.de\/blog\/bundesregierung-beschliesst-milliarden-bonus-fuer-pflegekraefte\/","title":{"rendered":"Bundesregierung beschlie\u00dft Milliarden-Bonus f\u00fcr Pflegekr\u00e4fte"},"content":{"rendered":"<h1>Bundesregierung beschlie\u00dft Milliarden-Bonus f\u00fcr Pflegekr\u00e4fte<\/h1>\n<p>Nach \u00fcber zwei Jahren Pandemie d\u00fcrfen sich Alten- und Krankenpfleger endlich \u00fcber einen monet\u00e4ren Dank seitens der Regierung freuen. Am 10.6. billigte der Bundesrat das Pflegebonusgesetz und setzte ein Budget von einer Milliarde Euro fest. Dieses soll an Krankenh\u00e4user und Altenpflegeeinrichtungen gleicherma\u00dfen verteilt werden. Hierdurch ergibt sich eine steuer- und sozialabgabefreie Bonuszahlung von bis zu 550 Euro Pflege-Bonus.<\/p>\n<p><a class=\"btn\" href=\"https:\/\/www.naumburg-steuerberater.de\/blog\/grundsteuererklaerung-fristverlaengerung-fuer-die-abgabe-bis-31-01-2023\/\" title=\"Zur\u00fcck\">Das k\u00f6nnte Sie auch interessieren<\/a><\/p>\n","protected":false},"excerpt":{"rendered":"<p>Bundesregierung beschlie\u00dft Milliarden-Bonus f\u00fcr Pflegekr\u00e4fte Nach \u00fcber zwei Jahren Pandemie d\u00fcrfen sich Alten- und Krankenpfleger endlich \u00fcber einen monet\u00e4ren Dank seitens der Regierung freuen. Am 10.6. billigte der Bundesrat das Pflegebonusgesetz und setzte ein Budget von einer Milliarde Euro fest. Dieses soll an Krankenh\u00e4user und Altenpflegeeinrichtungen gleicherma\u00dfen verteilt werden. Hierdurch ergibt sich eine steuer- und [&hellip;]<\/p>\n","protected":false},"author":1,"featured_media":38,"comment_status":"open","ping_status":"open","sticky":false,"template":"","format":"standard","meta":{"_acf_changed":false,"footnotes":""},"categories":[1],"tags":[3],"class_list":["post-37","post","type-post","status-publish","format-standard","has-post-thumbnail","hentry","category-allgemein","tag-pflegebonusgesetz"],"acf":[],"aioseo_notices":[],"aioseo_head":"\n\t\t<!-- All in One SEO 5.0.0.1 - aioseo.com -->\n\t<meta name=\"description\" content=\"Bundesregierung beschlie\u00dft Milliarden-Bonus f\u00fcr Pflegekr\u00e4fte Nach \u00fcber zwei Jahren Pandemie d\u00fcrfen sich Alten- und Krankenpfleger endlich \u00fcber einen monet\u00e4ren Dank seitens der Regierung freuen. Am 10.6. billigte der Bundesrat das Pflegebonusgesetz und setzte ein Budget von einer Milliarde Euro fest. Dieses soll an Krankenh\u00e4user und Altenpflegeeinrichtungen gleicherma\u00dfen verteilt werden. Hierdurch ergibt sich eine steuer- und\" \/>\n\t<meta name=\"robots\" content=\"max-image-preview:large\" \/>\n\t<meta name=\"author\" content=\"dsa_root\"\/>\n\t<link rel=\"canonical\" href=\"https:\/\/www.naumburg-steuerberater.de\/blog\/bundesregierung-beschliesst-milliarden-bonus-fuer-pflegekraefte\/\" \/>\n\t<meta name=\"generator\" content=\"All in One SEO (AIOSEO) 5.0.0.1\" \/>\n\t\t<meta property=\"og:locale\" content=\"de_DE\" \/>\n\t\t<meta property=\"og:site_name\" content=\"Steuerberater Helwig - Eine weitere WordPress-Website\" \/>\n\t\t<meta property=\"og:type\" content=\"article\" \/>\n\t\t<meta property=\"og:title\" content=\"Bundesregierung beschlie\u00dft Milliarden-Bonus f\u00fcr Pflegekr\u00e4fte - Steuerberater Helwig\" \/>\n\t\t<meta property=\"og:description\" content=\"Bundesregierung beschlie\u00dft Milliarden-Bonus f\u00fcr Pflegekr\u00e4fte Nach \u00fcber zwei Jahren Pandemie d\u00fcrfen sich Alten- und Krankenpfleger endlich \u00fcber einen monet\u00e4ren Dank seitens der Regierung freuen. Am 10.6. billigte der Bundesrat das Pflegebonusgesetz und setzte ein Budget von einer Milliarde Euro fest. Dieses soll an Krankenh\u00e4user und Altenpflegeeinrichtungen gleicherma\u00dfen verteilt werden. Hierdurch ergibt sich eine steuer- und\" \/>\n\t\t<meta property=\"og:url\" content=\"https:\/\/www.naumburg-steuerberater.de\/blog\/bundesregierung-beschliesst-milliarden-bonus-fuer-pflegekraefte\/\" \/>\n\t\t<meta property=\"article:published_time\" content=\"2022-08-25T12:06:44+00:00\" \/>\n\t\t<meta property=\"article:modified_time\" content=\"2025-08-19T08:05:42+00:00\" \/>\n\t\t<meta name=\"twitter:card\" content=\"summary\" \/>\n\t\t<meta name=\"twitter:title\" content=\"Bundesregierung beschlie\u00dft Milliarden-Bonus f\u00fcr Pflegekr\u00e4fte - Steuerberater Helwig\" \/>\n\t\t<meta name=\"twitter:description\" content=\"Bundesregierung beschlie\u00dft Milliarden-Bonus f\u00fcr Pflegekr\u00e4fte Nach \u00fcber zwei Jahren Pandemie d\u00fcrfen sich Alten- und Krankenpfleger endlich \u00fcber einen monet\u00e4ren Dank seitens der Regierung freuen. Am 10.6. billigte der Bundesrat das Pflegebonusgesetz und setzte ein Budget von einer Milliarde Euro fest. Dieses soll an Krankenh\u00e4user und Altenpflegeeinrichtungen gleicherma\u00dfen verteilt werden. Hierdurch ergibt sich eine steuer- und\" \/>\n\t\t<script type=\"application\/ld+json\" class=\"aioseo-schema\">\n\t\t\t{\"@context\":\"https:\\\/\\\/schema.org\",\"@graph\":[{\"@type\":\"BlogPosting\",\"@id\":\"https:\\\/\\\/www.naumburg-steuerberater.de\\\/blog\\\/bundesregierung-beschliesst-milliarden-bonus-fuer-pflegekraefte\\\/#blogposting\",\"name\":\"Bundesregierung beschlie\\u00dft Milliarden-Bonus f\\u00fcr Pflegekr\\u00e4fte - Steuerberater Helwig\",\"headline\":\"Bundesregierung beschlie\\u00dft Milliarden-Bonus f\\u00fcr Pflegekr\\u00e4fte\",\"author\":{\"@id\":\"https:\\\/\\\/www.naumburg-steuerberater.de\\\/blog\\\/author\\\/dsa_root\\\/#author\"},\"publisher\":{\"@id\":\"https:\\\/\\\/www.naumburg-steuerberater.de\\\/blog\\\/#organization\"},\"image\":{\"@type\":\"ImageObject\",\"url\":\"https:\\\/\\\/www.naumburg-steuerberater.de\\\/blog\\\/wp-content\\\/uploads\\\/2022\\\/08\\\/pflegekraefte.jpg\",\"width\":1200,\"height\":555},\"datePublished\":\"2022-08-25T14:06:44+02:00\",\"dateModified\":\"2025-08-19T10:05:42+02:00\",\"inLanguage\":\"de-DE\",\"mainEntityOfPage\":{\"@id\":\"https:\\\/\\\/www.naumburg-steuerberater.de\\\/blog\\\/bundesregierung-beschliesst-milliarden-bonus-fuer-pflegekraefte\\\/#webpage\"},\"isPartOf\":{\"@id\":\"https:\\\/\\\/www.naumburg-steuerberater.de\\\/blog\\\/bundesregierung-beschliesst-milliarden-bonus-fuer-pflegekraefte\\\/#webpage\"},\"articleSection\":\"Allgemein, Pflegebonusgesetz\"},{\"@type\":\"BreadcrumbList\",\"@id\":\"https:\\\/\\\/www.naumburg-steuerberater.de\\\/blog\\\/bundesregierung-beschliesst-milliarden-bonus-fuer-pflegekraefte\\\/#breadcrumblist\",\"itemListElement\":[{\"@type\":\"ListItem\",\"@id\":\"https:\\\/\\\/www.naumburg-steuerberater.de\\\/blog#listItem\",\"position\":1,\"name\":\"Home\",\"item\":\"https:\\\/\\\/www.naumburg-steuerberater.de\\\/blog\",\"nextItem\":{\"@type\":\"ListItem\",\"@id\":\"https:\\\/\\\/www.naumburg-steuerberater.de\\\/blog\\\/category\\\/allgemein\\\/#listItem\",\"name\":\"Allgemein\"}},{\"@type\":\"ListItem\",\"@id\":\"https:\\\/\\\/www.naumburg-steuerberater.de\\\/blog\\\/category\\\/allgemein\\\/#listItem\",\"position\":2,\"name\":\"Allgemein\",\"item\":\"https:\\\/\\\/www.naumburg-steuerberater.de\\\/blog\\\/category\\\/allgemein\\\/\",\"nextItem\":{\"@type\":\"ListItem\",\"@id\":\"https:\\\/\\\/www.naumburg-steuerberater.de\\\/blog\\\/bundesregierung-beschliesst-milliarden-bonus-fuer-pflegekraefte\\\/#listItem\",\"name\":\"Bundesregierung beschlie\\u00dft Milliarden-Bonus f\\u00fcr Pflegekr\\u00e4fte\"},\"previousItem\":{\"@type\":\"ListItem\",\"@id\":\"https:\\\/\\\/www.naumburg-steuerberater.de\\\/blog#listItem\",\"name\":\"Home\"}},{\"@type\":\"ListItem\",\"@id\":\"https:\\\/\\\/www.naumburg-steuerberater.de\\\/blog\\\/bundesregierung-beschliesst-milliarden-bonus-fuer-pflegekraefte\\\/#listItem\",\"position\":3,\"name\":\"Bundesregierung beschlie\\u00dft Milliarden-Bonus f\\u00fcr Pflegekr\\u00e4fte\",\"previousItem\":{\"@type\":\"ListItem\",\"@id\":\"https:\\\/\\\/www.naumburg-steuerberater.de\\\/blog\\\/category\\\/allgemein\\\/#listItem\",\"name\":\"Allgemein\"}}]},{\"@type\":\"Organization\",\"@id\":\"https:\\\/\\\/www.naumburg-steuerberater.de\\\/blog\\\/#organization\",\"name\":\"Steuerberater Helwig\",\"description\":\"Eine weitere WordPress-Website\",\"url\":\"https:\\\/\\\/www.naumburg-steuerberater.de\\\/blog\\\/\"},{\"@type\":\"Person\",\"@id\":\"https:\\\/\\\/www.naumburg-steuerberater.de\\\/blog\\\/author\\\/dsa_root\\\/#author\",\"url\":\"https:\\\/\\\/www.naumburg-steuerberater.de\\\/blog\\\/author\\\/dsa_root\\\/\",\"name\":\"dsa_root\",\"image\":{\"@type\":\"ImageObject\",\"@id\":\"https:\\\/\\\/www.naumburg-steuerberater.de\\\/blog\\\/bundesregierung-beschliesst-milliarden-bonus-fuer-pflegekraefte\\\/#authorImage\",\"url\":\"https:\\\/\\\/secure.gravatar.com\\\/avatar\\\/e0e5e2a9467155bf5ec3d6d0d8303f9d7a6a9760cb0c246b979f2e3d4812b0c1?s=96&d=mm&r=g\",\"width\":96,\"height\":96,\"caption\":\"dsa_root\"}},{\"@type\":\"WebPage\",\"@id\":\"https:\\\/\\\/www.naumburg-steuerberater.de\\\/blog\\\/bundesregierung-beschliesst-milliarden-bonus-fuer-pflegekraefte\\\/#webpage\",\"url\":\"https:\\\/\\\/www.naumburg-steuerberater.de\\\/blog\\\/bundesregierung-beschliesst-milliarden-bonus-fuer-pflegekraefte\\\/\",\"name\":\"Bundesregierung beschlie\\u00dft Milliarden-Bonus f\\u00fcr Pflegekr\\u00e4fte - Steuerberater Helwig\",\"description\":\"Bundesregierung beschlie\\u00dft Milliarden-Bonus f\\u00fcr Pflegekr\\u00e4fte Nach \\u00fcber zwei Jahren Pandemie d\\u00fcrfen sich Alten- und Krankenpfleger endlich \\u00fcber einen monet\\u00e4ren Dank seitens der Regierung freuen. Am 10.6. billigte der Bundesrat das Pflegebonusgesetz und setzte ein Budget von einer Milliarde Euro fest. Dieses soll an Krankenh\\u00e4user und Altenpflegeeinrichtungen gleicherma\\u00dfen verteilt werden. Hierdurch ergibt sich eine steuer- und\",\"inLanguage\":\"de-DE\",\"isPartOf\":{\"@id\":\"https:\\\/\\\/www.naumburg-steuerberater.de\\\/blog\\\/#website\"},\"breadcrumb\":{\"@id\":\"https:\\\/\\\/www.naumburg-steuerberater.de\\\/blog\\\/bundesregierung-beschliesst-milliarden-bonus-fuer-pflegekraefte\\\/#breadcrumblist\"},\"author\":{\"@id\":\"https:\\\/\\\/www.naumburg-steuerberater.de\\\/blog\\\/author\\\/dsa_root\\\/#author\"},\"creator\":{\"@id\":\"https:\\\/\\\/www.naumburg-steuerberater.de\\\/blog\\\/author\\\/dsa_root\\\/#author\"},\"image\":{\"@type\":\"ImageObject\",\"url\":\"https:\\\/\\\/www.naumburg-steuerberater.de\\\/blog\\\/wp-content\\\/uploads\\\/2022\\\/08\\\/pflegekraefte.jpg\",\"@id\":\"https:\\\/\\\/www.naumburg-steuerberater.de\\\/blog\\\/bundesregierung-beschliesst-milliarden-bonus-fuer-pflegekraefte\\\/#mainImage\",\"width\":1200,\"height\":555},\"primaryImageOfPage\":{\"@id\":\"https:\\\/\\\/www.naumburg-steuerberater.de\\\/blog\\\/bundesregierung-beschliesst-milliarden-bonus-fuer-pflegekraefte\\\/#mainImage\"},\"datePublished\":\"2022-08-25T14:06:44+02:00\",\"dateModified\":\"2025-08-19T10:05:42+02:00\"},{\"@type\":\"WebSite\",\"@id\":\"https:\\\/\\\/www.naumburg-steuerberater.de\\\/blog\\\/#website\",\"url\":\"https:\\\/\\\/www.naumburg-steuerberater.de\\\/blog\\\/\",\"name\":\"Steuerberater Helwig\",\"description\":\"Eine weitere WordPress-Website\",\"inLanguage\":\"de-DE\",\"publisher\":{\"@id\":\"https:\\\/\\\/www.naumburg-steuerberater.de\\\/blog\\\/#organization\"}}]}\n\t\t<\/script>\n\t\t<!-- All in One SEO -->\n\n","aioseo_head_json":{"title":"Bundesregierung beschlie\u00dft Milliarden-Bonus f\u00fcr Pflegekr\u00e4fte - Steuerberater Helwig","description":"Bundesregierung beschlie\u00dft Milliarden-Bonus f\u00fcr Pflegekr\u00e4fte Nach \u00fcber zwei Jahren Pandemie d\u00fcrfen sich Alten- und Krankenpfleger endlich \u00fcber einen monet\u00e4ren Dank seitens der Regierung freuen. Am 10.6. billigte der Bundesrat das Pflegebonusgesetz und setzte ein Budget von einer Milliarde Euro fest. Dieses soll an Krankenh\u00e4user und Altenpflegeeinrichtungen gleicherma\u00dfen verteilt werden. Hierdurch ergibt sich eine steuer- und","canonical_url":"https:\/\/www.naumburg-steuerberater.de\/blog\/bundesregierung-beschliesst-milliarden-bonus-fuer-pflegekraefte\/","robots":"max-image-preview:large","keywords":"","webmasterTools":{"miscellaneous":""},"schema":{"@context":"https:\/\/schema.org","@graph":[{"@type":"BlogPosting","@id":"https:\/\/www.naumburg-steuerberater.de\/blog\/bundesregierung-beschliesst-milliarden-bonus-fuer-pflegekraefte\/#blogposting","name":"Bundesregierung beschlie\u00dft Milliarden-Bonus f\u00fcr Pflegekr\u00e4fte - Steuerberater Helwig","headline":"Bundesregierung beschlie\u00dft Milliarden-Bonus f\u00fcr Pflegekr\u00e4fte","author":{"@id":"https:\/\/www.naumburg-steuerberater.de\/blog\/author\/dsa_root\/#author"},"publisher":{"@id":"https:\/\/www.naumburg-steuerberater.de\/blog\/#organization"},"image":{"@type":"ImageObject","url":"https:\/\/www.naumburg-steuerberater.de\/blog\/wp-content\/uploads\/2022\/08\/pflegekraefte.jpg","width":1200,"height":555},"datePublished":"2022-08-25T14:06:44+02:00","dateModified":"2025-08-19T10:05:42+02:00","inLanguage":"de-DE","mainEntityOfPage":{"@id":"https:\/\/www.naumburg-steuerberater.de\/blog\/bundesregierung-beschliesst-milliarden-bonus-fuer-pflegekraefte\/#webpage"},"isPartOf":{"@id":"https:\/\/www.naumburg-steuerberater.de\/blog\/bundesregierung-beschliesst-milliarden-bonus-fuer-pflegekraefte\/#webpage"},"articleSection":"Allgemein, Pflegebonusgesetz"},{"@type":"BreadcrumbList","@id":"https:\/\/www.naumburg-steuerberater.de\/blog\/bundesregierung-beschliesst-milliarden-bonus-fuer-pflegekraefte\/#breadcrumblist","itemListElement":[{"@type":"ListItem","@id":"https:\/\/www.naumburg-steuerberater.de\/blog#listItem","position":1,"name":"Home","item":"https:\/\/www.naumburg-steuerberater.de\/blog","nextItem":{"@type":"ListItem","@id":"https:\/\/www.naumburg-steuerberater.de\/blog\/category\/allgemein\/#listItem","name":"Allgemein"}},{"@type":"ListItem","@id":"https:\/\/www.naumburg-steuerberater.de\/blog\/category\/allgemein\/#listItem","position":2,"name":"Allgemein","item":"https:\/\/www.naumburg-steuerberater.de\/blog\/category\/allgemein\/","nextItem":{"@type":"ListItem","@id":"https:\/\/www.naumburg-steuerberater.de\/blog\/bundesregierung-beschliesst-milliarden-bonus-fuer-pflegekraefte\/#listItem","name":"Bundesregierung beschlie\u00dft Milliarden-Bonus f\u00fcr Pflegekr\u00e4fte"},"previousItem":{"@type":"ListItem","@id":"https:\/\/www.naumburg-steuerberater.de\/blog#listItem","name":"Home"}},{"@type":"ListItem","@id":"https:\/\/www.naumburg-steuerberater.de\/blog\/bundesregierung-beschliesst-milliarden-bonus-fuer-pflegekraefte\/#listItem","position":3,"name":"Bundesregierung beschlie\u00dft Milliarden-Bonus f\u00fcr Pflegekr\u00e4fte","previousItem":{"@type":"ListItem","@id":"https:\/\/www.naumburg-steuerberater.de\/blog\/category\/allgemein\/#listItem","name":"Allgemein"}}]},{"@type":"Organization","@id":"https:\/\/www.naumburg-steuerberater.de\/blog\/#organization","name":"Steuerberater Helwig","description":"Eine weitere WordPress-Website","url":"https:\/\/www.naumburg-steuerberater.de\/blog\/"},{"@type":"Person","@id":"https:\/\/www.naumburg-steuerberater.de\/blog\/author\/dsa_root\/#author","url":"https:\/\/www.naumburg-steuerberater.de\/blog\/author\/dsa_root\/","name":"dsa_root","image":{"@type":"ImageObject","@id":"https:\/\/www.naumburg-steuerberater.de\/blog\/bundesregierung-beschliesst-milliarden-bonus-fuer-pflegekraefte\/#authorImage","url":"https:\/\/secure.gravatar.com\/avatar\/e0e5e2a9467155bf5ec3d6d0d8303f9d7a6a9760cb0c246b979f2e3d4812b0c1?s=96&d=mm&r=g","width":96,"height":96,"caption":"dsa_root"}},{"@type":"WebPage","@id":"https:\/\/www.naumburg-steuerberater.de\/blog\/bundesregierung-beschliesst-milliarden-bonus-fuer-pflegekraefte\/#webpage","url":"https:\/\/www.naumburg-steuerberater.de\/blog\/bundesregierung-beschliesst-milliarden-bonus-fuer-pflegekraefte\/","name":"Bundesregierung beschlie\u00dft Milliarden-Bonus f\u00fcr Pflegekr\u00e4fte - Steuerberater Helwig","description":"Bundesregierung beschlie\u00dft Milliarden-Bonus f\u00fcr Pflegekr\u00e4fte Nach \u00fcber zwei Jahren Pandemie d\u00fcrfen sich Alten- und Krankenpfleger endlich \u00fcber einen monet\u00e4ren Dank seitens der Regierung freuen. Am 10.6. billigte der Bundesrat das Pflegebonusgesetz und setzte ein Budget von einer Milliarde Euro fest. Dieses soll an Krankenh\u00e4user und Altenpflegeeinrichtungen gleicherma\u00dfen verteilt werden. Hierdurch ergibt sich eine steuer- und","inLanguage":"de-DE","isPartOf":{"@id":"https:\/\/www.naumburg-steuerberater.de\/blog\/#website"},"breadcrumb":{"@id":"https:\/\/www.naumburg-steuerberater.de\/blog\/bundesregierung-beschliesst-milliarden-bonus-fuer-pflegekraefte\/#breadcrumblist"},"author":{"@id":"https:\/\/www.naumburg-steuerberater.de\/blog\/author\/dsa_root\/#author"},"creator":{"@id":"https:\/\/www.naumburg-steuerberater.de\/blog\/author\/dsa_root\/#author"},"image":{"@type":"ImageObject","url":"https:\/\/www.naumburg-steuerberater.de\/blog\/wp-content\/uploads\/2022\/08\/pflegekraefte.jpg","@id":"https:\/\/www.naumburg-steuerberater.de\/blog\/bundesregierung-beschliesst-milliarden-bonus-fuer-pflegekraefte\/#mainImage","width":1200,"height":555},"primaryImageOfPage":{"@id":"https:\/\/www.naumburg-steuerberater.de\/blog\/bundesregierung-beschliesst-milliarden-bonus-fuer-pflegekraefte\/#mainImage"},"datePublished":"2022-08-25T14:06:44+02:00","dateModified":"2025-08-19T10:05:42+02:00"},{"@type":"WebSite","@id":"https:\/\/www.naumburg-steuerberater.de\/blog\/#website","url":"https:\/\/www.naumburg-steuerberater.de\/blog\/","name":"Steuerberater Helwig","description":"Eine weitere WordPress-Website","inLanguage":"de-DE","publisher":{"@id":"https:\/\/www.naumburg-steuerberater.de\/blog\/#organization"}}]},"og:locale":"de_DE","og:site_name":"Steuerberater Helwig - Eine weitere WordPress-Website","og:type":"article","og:title":"Bundesregierung beschlie\u00dft Milliarden-Bonus f\u00fcr Pflegekr\u00e4fte - Steuerberater Helwig","og:description":"Bundesregierung beschlie\u00dft Milliarden-Bonus f\u00fcr Pflegekr\u00e4fte Nach \u00fcber zwei Jahren Pandemie d\u00fcrfen sich Alten- und Krankenpfleger endlich \u00fcber einen monet\u00e4ren Dank seitens der Regierung freuen. Am 10.6. billigte der Bundesrat das Pflegebonusgesetz und setzte ein Budget von einer Milliarde Euro fest. Dieses soll an Krankenh\u00e4user und Altenpflegeeinrichtungen gleicherma\u00dfen verteilt werden. Hierdurch ergibt sich eine steuer- und","og:url":"https:\/\/www.naumburg-steuerberater.de\/blog\/bundesregierung-beschliesst-milliarden-bonus-fuer-pflegekraefte\/","article:published_time":"2022-08-25T12:06:44+00:00","article:modified_time":"2025-08-19T08:05:42+00:00","twitter:card":"summary","twitter:title":"Bundesregierung beschlie\u00dft Milliarden-Bonus f\u00fcr Pflegekr\u00e4fte - Steuerberater Helwig","twitter:description":"Bundesregierung beschlie\u00dft Milliarden-Bonus f\u00fcr Pflegekr\u00e4fte Nach \u00fcber zwei Jahren Pandemie d\u00fcrfen sich Alten- und Krankenpfleger endlich \u00fcber einen monet\u00e4ren Dank seitens der Regierung freuen. Am 10.6. billigte der Bundesrat das Pflegebonusgesetz und setzte ein Budget von einer Milliarde Euro fest. Dieses soll an Krankenh\u00e4user und Altenpflegeeinrichtungen gleicherma\u00dfen verteilt werden. Hierdurch ergibt sich eine steuer- und"},"aioseo_meta_data":{"post_id":"37","title":null,"description":null,"keywords":null,"keyphrases":{"focus":{"keyphrase":"","score":0,"analysis":{"keyphraseInTitle":{"score":0,"maxScore":9,"error":1}}},"additional":[]},"primary_term":null,"canonical_url":null,"og_title":null,"og_description":null,"og_object_type":"default","og_image_type":"default","og_image_url":null,"og_image_width":null,"og_image_height":null,"og_image_custom_url":null,"og_image_custom_fields":null,"og_video":"","og_custom_url":null,"og_article_section":null,"og_article_tags":null,"twitter_use_og":false,"twitter_card":"default","twitter_image_type":"default","twitter_image_url":null,"twitter_image_custom_url":null,"twitter_image_custom_fields":null,"twitter_title":null,"twitter_description":null,"schema":{"blockGraphs":[],"customGraphs":[],"default":{"data":{"Article":{"id":"#aioseo-article-65b7622e26d61","slug":"article","graphName":"Article","label":"Artikel","properties":{"type":"BlogPosting","name":"#post_title","headline":"#post_title","description":"#post_excerpt","image":"","keywords":"","author":{"name":"#author_name","url":"#author_url"},"dates":{"include":true,"datePublished":"","dateModified":""}}},"Course":[],"Dataset":[],"FAQPage":[],"Movie":[],"Person":[],"Product":[],"ProductReview":[],"Car":[],"Recipe":[],"Service":[],"SoftwareApplication":[],"WebPage":[]},"graphName":"BlogPosting","isEnabled":true},"graphs":[]},"schema_type":"default","schema_type_options":"{\"article\":{\"articleType\":\"BlogPosting\"},\"course\":{\"name\":\"\",\"description\":\"\",\"provider\":\"\"},\"faq\":{\"pages\":[]},\"product\":{\"reviews\":[]},\"recipe\":{\"ingredients\":[],\"instructions\":[],\"keywords\":[]},\"software\":{\"reviews\":[],\"operatingSystems\":[]},\"webPage\":{\"webPageType\":\"WebPage\"}}","pillar_content":false,"robots_default":true,"robots_noindex":false,"robots_noarchive":false,"robots_nosnippet":false,"robots_nofollow":false,"robots_noimageindex":false,"robots_noodp":false,"robots_notranslate":false,"robots_max_snippet":"-1","robots_max_videopreview":"-1","robots_max_imagepreview":"large","priority":null,"frequency":"default","local_seo":null,"breadcrumb_settings":null,"limit_modified_date":false,"ai":{"faqs":[],"keyPoints":[],"titles":[],"descriptions":[],"socialPosts":{"email":[],"linkedin":[],"twitter":[],"facebook":[],"instagram":[]}},"created":"2022-08-25 12:06:58","updated":"2025-08-19 10:15:51","seo_analyzer_scan_date":null,"focus_keyword":null,"additional_keywords":null,"truseo_locale":null},"aioseo_breadcrumb":"<div class=\"aioseo-breadcrumbs\"><span class=\"aioseo-breadcrumb\">\n\t\t\t<a href=\"https:\/\/www.naumburg-steuerberater.de\/blog\" title=\"Home\">Home<\/a>\n\t\t<\/span><span class=\"aioseo-breadcrumb-separator\">&raquo;<\/span><span class=\"aioseo-breadcrumb\">\n\t\t\t<a href=\"https:\/\/www.naumburg-steuerberater.de\/blog\/category\/allgemein\/\" title=\"Allgemein\">Allgemein<\/a>\n\t\t<\/span><span class=\"aioseo-breadcrumb-separator\">&raquo;<\/span><span class=\"aioseo-breadcrumb\">\n\t\t\tBundesregierung beschlie\u00dft Milliarden-Bonus f\u00fcr Pflegekr\u00e4fte\n\t\t<\/span><\/div>","aioseo_breadcrumb_json":[{"label":"Home","link":"https:\/\/www.naumburg-steuerberater.de\/blog"},{"label":"Allgemein","link":"https:\/\/www.naumburg-steuerberater.de\/blog\/category\/allgemein\/"},{"label":"Bundesregierung beschlie\u00dft Milliarden-Bonus f\u00fcr Pflegekr\u00e4fte","link":"https:\/\/www.naumburg-steuerberater.de\/blog\/bundesregierung-beschliesst-milliarden-bonus-fuer-pflegekraefte\/"}],"_links":{"self":[{"href":"https:\/\/www.naumburg-steuerberater.de\/blog\/wp-json\/wp\/v2\/posts\/37","targetHints":{"allow":["GET"]}}],"collection":[{"href":"https:\/\/www.naumburg-steuerberater.de\/blog\/wp-json\/wp\/v2\/posts"}],"about":[{"href":"https:\/\/www.naumburg-steuerberater.de\/blog\/wp-json\/wp\/v2\/types\/post"}],"author":[{"embeddable":true,"href":"https:\/\/www.naumburg-steuerberater.de\/blog\/wp-json\/wp\/v2\/users\/1"}],"replies":[{"embeddable":true,"href":"https:\/\/www.naumburg-steuerberater.de\/blog\/wp-json\/wp\/v2\/comments?post=37"}],"version-history":[{"count":3,"href":"https:\/\/www.naumburg-steuerberater.de\/blog\/wp-json\/wp\/v2\/posts\/37\/revisions"}],"predecessor-version":[{"id":230,"href":"https:\/\/www.naumburg-steuerberater.de\/blog\/wp-json\/wp\/v2\/posts\/37\/revisions\/230"}],"wp:featuredmedia":[{"embeddable":true,"href":"https:\/\/www.naumburg-steuerberater.de\/blog\/wp-json\/wp\/v2\/media\/38"}],"wp:attachment":[{"href":"https:\/\/www.naumburg-steuerberater.de\/blog\/wp-json\/wp\/v2\/media?parent=37"}],"wp:term":[{"taxonomy":"category","embeddable":true,"href":"https:\/\/www.naumburg-steuerberater.de\/blog\/wp-json\/wp\/v2\/categories?post=37"},{"taxonomy":"post_tag","embeddable":true,"href":"https:\/\/www.naumburg-steuerberater.de\/blog\/wp-json\/wp\/v2\/tags?post=37"}],"curies":[{"name":"wp","href":"https:\/\/api.w.org\/{rel}","templated":true}]}}